{"id":55769,"date":"2025-09-23T21:02:10","date_gmt":"2025-09-23T19:02:10","guid":{"rendered":"https:\/\/zsswierzowa.pl\/?p=55769"},"modified":"2025-09-23T21:02:10","modified_gmt":"2025-09-23T19:02:10","slug":"wycieczka-do-szkoly-ludowej-w-zarnowcu","status":"publish","type":"post","link":"https:\/\/zsswierzowa.pl\/?p=55769","title":{"rendered":"Wycieczka do Szko\u0142y Ludowej w \u017barnowcu"},"content":{"rendered":"\n<div class=\"html-div xdj266r x14z9mp xat24cr x1lziwak xexx8yu xyri2b x18d9i69 x1c1uobl\" dir=\"auto\">\n<div class=\"html-div xdj266r x14z9mp xat24cr x1lziwak xexx8yu xyri2b x18d9i69 x1c1uobl\" data-ad-rendering-role=\"story_message\">\n<div id=\"_r_14l_\" class=\"x1l90r2v x1iorvi4 x1g0dm76 xpdmqnj\" data-ad-comet-preview=\"message\" data-ad-preview=\"message\">\n<div class=\"x78zum5 xdt5ytf xz62fqu x16ldp7u\">\n<div class=\"xu06os2 x1ok221b\">\n<div class=\"html-div xdj266r x14z9mp xat24cr x1lziwak xexx8yu xyri2b x18d9i69 x1c1uobl\">\n<div class=\"x14z9mp xat24cr x1lziwak x1vvkbs xtlvy1s x126k92a\">\n<div dir=\"auto\" style=\"text-align: justify;\">23 IX 2025 r. uczniowie klasy II i III uczestniczyli w niezwykle ciekawej wycieczce edukacyjnej do Szko\u0142y Ludowej w \u017barnowcu. By\u0142a to wyj\u0105tkowa lekcja historii i kultury, kt\u00f3ra pozwoli\u0142a nam przenie\u015b\u0107 si\u0119 w czasie do pocz\u0105tk\u00f3w XX wieku i zobaczy\u0107, jak wygl\u0105da\u0142a codzienno\u015b\u0107 ucznia sprzed ponad stu lat.<\/div>\n<div dir=\"auto\" style=\"text-align: justify;\">Ju\u017c samo wej\u015bcie do zabytkowej szko\u0142y wzbudzi\u0142o w nas ogromne zainteresowanie. Drewniane \u0142awki z otworami na ka\u0142amarze, tablica, stary piec kaflowy oraz liczne eksponaty sprawi\u0142y, \u017ce poczuli\u015bmy si\u0119, jakby\u015bmy znale\u017ali si\u0119 w innej epoce. Najwi\u0119ksz\u0105 atrakcj\u0105 okaza\u0142a si\u0119 jednak \u201elekcja kaligrafii w dawnej szkole\u201d, podczas kt\u00f3rej mogli\u015bmy usi\u0105\u015b\u0107 w \u0142awkach i poczu\u0107 klimat nauki sprzed lat. Pisanie pi\u00f3rem w zeszytach ,czy odpowiadanie na pytania nauczyciela prowadz\u0105cego zaj\u0119cia u\u015bwiadomi\u0142y nam, jak bardzo zmieni\u0142 si\u0119 system edukacji.<\/div>\n<div dir=\"auto\" style=\"text-align: justify;\">Podczas zwiedzania dowiedzieli\u015bmy si\u0119 r\u00f3wnie\u017c, jak wygl\u0105da\u0142o \u017cycie codzienne uczni\u00f3w na wsi \u2013 od obowi\u0105zk\u00f3w domowych, przez d\u0142ugie piesze w\u0119dr\u00f3wki do szko\u0142y, a\u017c po zasady zachowania, kt\u00f3re obowi\u0105zywa\u0142y w klasie. Dla wielu z nas du\u017cym zaskoczeniem by\u0142y informacje o surowej dyscyplinie i wymaganiach nauczycieli sprzed lat. Uczniowie uczestniczyli r\u00f3wnie\u017c w lekcji plastyki, na kt\u00f3rej samodzielnie wed\u0142ug w\u0142asnych pomys\u0142\u00f3w malowali farbami drewniane skarbonki.<\/div>\n<div dir=\"auto\" style=\"text-align: justify;\">Wycieczka by\u0142a nie tylko ciekaw\u0105 form\u0105 poznawania historii, ale r\u00f3wnie\u017c okazj\u0105 do refleksji nad tym, jak bardzo zmieni\u0142a si\u0119 szko\u0142a, metody nauczania i warunki, w jakich si\u0119 uczymy. Uczniowie zgodnie podkre\u015blali, \u017ce by\u0142a to wyj\u0105tkowa podr\u00f3\u017c w czasie \u2013 pe\u0142na wra\u017ce\u0144, emocji i nowych do\u015bwiadcze\u0144.<\/div>\n<div dir=\"auto\" style=\"text-align: justify;\">Serdecznie dzi\u0119kujemy paniom przewodniczkom w \u017barnowcu za \u017cyczliwe przyj\u0119cie i przygotowanie tak inspiruj\u0105cych lekcji.\nngg_shortcode_0_placeholder\n<\/div>\n<\/div>\n<\/div>\n<\/div>\n<\/div>\n<\/div>\n<\/div>\n<\/div>\n","protected":false},"excerpt":{"rendered":"<p>23 IX 2025 r. uczniowie klasy II i III uczestniczyli w niezwykle ciekawej wycieczce edukacyjnej do Szko\u0142y Ludowej w \u017barnowcu. By\u0142a to wyj\u0105tkowa lekcja historii i kultury, kt\u00f3ra pozwoli\u0142a nam przenie\u015b\u0107 si\u0119 w czasie do pocz\u0105tk\u00f3w XX wieku i zobaczy\u0107, jak wygl\u0105da\u0142a codzienno\u015b\u0107 ucznia sprzed ponad stu lat. Ju\u017c samo wej\u015bcie do zabytkowej szko\u0142y wzbudzi\u0142o [&hellip;]<\/p>\n","protected":false},"author":7,"featured_media":0,"comment_status":"open","ping_status":"open","sticky":false,"template":"","format":"standard","meta":{"ngg_post_thumbnail":0,"footnotes":""},"categories":[5],"tags":[],"class_list":["post-55769","post","type-post","status-publish","format-standard","hentry","category-aktualnosci"],"_links":{"self":[{"href":"https:\/\/zsswierzowa.pl\/index.php?rest_route=\/wp\/v2\/posts\/55769","targetHints":{"allow":["GET"]}}],"collection":[{"href":"https:\/\/zsswierzowa.pl\/index.php?rest_route=\/wp\/v2\/posts"}],"about":[{"href":"https:\/\/zsswierzowa.pl\/index.php?rest_route=\/wp\/v2\/types\/post"}],"author":[{"embeddable":true,"href":"https:\/\/zsswierzowa.pl\/index.php?rest_route=\/wp\/v2\/users\/7"}],"replies":[{"embeddable":true,"href":"https:\/\/zsswierzowa.pl\/index.php?rest_route=%2Fwp%2Fv2%2Fcomments&post=55769"}],"version-history":[{"count":1,"href":"https:\/\/zsswierzowa.pl\/index.php?rest_route=\/wp\/v2\/posts\/55769\/revisions"}],"predecessor-version":[{"id":55820,"href":"https:\/\/zsswierzowa.pl\/index.php?rest_route=\/wp\/v2\/posts\/55769\/revisions\/55820"}],"wp:attachment":[{"href":"https:\/\/zsswierzowa.pl\/index.php?rest_route=%2Fwp%2Fv2%2Fmedia&parent=55769"}],"wp:term":[{"taxonomy":"category","embeddable":true,"href":"https:\/\/zsswierzowa.pl\/index.php?rest_route=%2Fwp%2Fv2%2Fcategories&post=55769"},{"taxonomy":"post_tag","embeddable":true,"href":"https:\/\/zsswierzowa.pl\/index.php?rest_route=%2Fwp%2Fv2%2Ftags&post=55769"}],"curies":[{"name":"wp","href":"https:\/\/api.w.org\/{rel}","templated":true}]}}