{"id":55656,"date":"2025-09-17T22:18:52","date_gmt":"2025-09-17T20:18:52","guid":{"rendered":"https:\/\/zsswierzowa.pl\/?p=55656"},"modified":"2025-09-18T21:39:26","modified_gmt":"2025-09-18T19:39:26","slug":"86-rocznica-napasci-sowieckiej-uroczystosci-w-zrecinie","status":"publish","type":"post","link":"https:\/\/zsswierzowa.pl\/?p=55656","title":{"rendered":"86. rocznica napa\u015bci sowieckiej \u2013 uroczysto\u015bci w Zr\u0119cinie"},"content":{"rendered":"\n<div dir=\"auto\" style=\"text-align: justify;\">17 wrze\u015bnia 1939 roku to jedna z tych dat, kt\u00f3re na zawsze zapisa\u0142y si\u0119 w pami\u0119ci narodu. Tego dnia, gdy Polska ju\u017c od 1 wrze\u015bnia broni\u0142a si\u0119 przed agresj\u0105 hitlerowsk\u0105, do akcji wkroczy\u0142 Zwi\u0105zek Radziecki, dokonuj\u0105c agresji od wschodu. By\u0142a to konsekwencja tajnego protoko\u0142u Paktu Ribbentrop\u2011Mo\u0142otow z 23 sierpnia 1939 roku, przewiduj\u0105cego podzia\u0142 stref wp\u0142yw\u00f3w mi\u0119dzy III Rzesz\u0119 a ZSRR.<\/div>\n<div dir=\"auto\" style=\"text-align: justify;\">Agresja sowiecka oznacza\u0142a rozpocz\u0119cie okupacji wschodnich teren\u00f3w Polski, represje wobec ludno\u015bci cywilnej, masowe deportacje i tragiczne losy wielu ludzi. Data ta jest dzi\u015b nie tylko dniem pami\u0119ci o agresji, obchodzi si\u0119 wtedy r\u00f3wnie\u017c \u015awiatowy Dzie\u0144 Sybiraka \u2013 upami\u0119tniaj\u0105cy wszystkich Polak\u00f3w wywiezionych na Syberi\u0119 i inne tereny ZSRR.<\/div>\n<div dir=\"auto\" style=\"text-align: justify;\">17 wrze\u015bnia w Zr\u0119cinie odby\u0142a si\u0119 uroczysto\u015b\u0107 upami\u0119tniaj\u0105ca agresj\u0119 sowieck\u0105 oraz ofiary stalinowskiego terroru. W wydarzeniu wzi\u0105\u0142 udzia\u0142 m.in. poczet sztandarowy Szko\u0142y Podstawowej w \u015awierzowej Polskiej. Program obchod\u00f3w przebiega\u0142 nast\u0119puj\u0105co:<\/div>\n<div dir=\"auto\" style=\"text-align: justify;\">O godzinie 17:45 z\u0142o\u017cono kwiaty, zapalono znicze oraz odm\u00f3wiono modlitw\u0119 przy tablicy upami\u0119tniaj\u0105cej ksi\u0119dza majora Mieczys\u0142awa Janasa zamordowanego w Twerze, a tak\u017ce przy D\u0119bach Katy\u0144skich. By\u0142 to moment refleksji, skupienia i oddania ho\u0142du wszystkim ofiarom sowieckiego terroru, w tym tak\u017ce innemu mieszka\u0144cowi \u015awierzowej Polskiej, zamordowanemu w Katyniu kpt. Feliksowi Lipi\u0144skiemu.<\/div>\n<div dir=\"auto\" style=\"text-align: justify;\">Nast\u0119pnie o godzinie 18:00 w Ko\u015bciele Parafialnym w Zr\u0119cinie odprawiona zosta\u0142a Msza \u015awi\u0119ta w intencji ofiar wojny i represji. Uczestnicy modlili si\u0119 wsp\u00f3lnie o pok\u00f3j i pami\u0119\u0107 o tych, kt\u00f3rzy oddali \u017cycie za Ojczyzn\u0119.<\/div>\n<div dir=\"auto\" style=\"text-align: justify;\">Udzia\u0142 lokalnej spo\u0142eczno\u015bci i pocztu sztandarowego naszej szko\u0142y to \u015bwiadectwo, \u017ce pami\u0119\u0107 o przesz\u0142o\u015bci jest wci\u0105\u017c \u017cywa. Postacie ks. mjr Mieczys\u0142awa Janasa i kpt. Feliksa Lipi\u0144skiego, kt\u00f3rzy zgin\u0119li w wyniku represji sowieckich przypominaj\u0105, \u017ce historia to nie tylko odleg\u0142e zdarzenia, ale losy ludzi \u2013 kap\u0142an\u00f3w, nauczycieli, zwyk\u0142ych mieszka\u0144c\u00f3w, kt\u00f3rzy stawili czo\u0142a okrutnym czasom.<\/div>\n<div dir=\"auto\" style=\"text-align: justify;\">D\u0119by Katy\u0144skie s\u0105 tak\u017ce symbolem tego upami\u0119tnienia \u2013 to drzewa zasadzone na znak pami\u0119ci o ofiarach Zbrodni Katy\u0144skiej i innych tragediach \u2013 by \u201cocali\u0107 je od zapomnienia\u201d.<\/div>\n<div dir=\"auto\" style=\"text-align: justify;\">Uroczysto\u015b\u0107 w Zr\u0119cinie by\u0142a okazj\u0105 do wsp\u00f3lnego prze\u017cywania historii, chwili zadumy i modlitwy. Pokaza\u0142y, \u017ce pami\u0119\u0107 o wydarzeniach 1939 roku jest wci\u0105\u017c obecna i przekazywana m\u0142odszym pokoleniom.<\/div>\nngg_shortcode_0_placeholder\n","protected":false},"excerpt":{"rendered":"<p>17 wrze\u015bnia 1939 roku to jedna z tych dat, kt\u00f3re na zawsze zapisa\u0142y si\u0119 w pami\u0119ci narodu. Tego dnia, gdy Polska ju\u017c od 1 wrze\u015bnia broni\u0142a si\u0119 przed agresj\u0105 hitlerowsk\u0105, do akcji wkroczy\u0142 Zwi\u0105zek Radziecki, dokonuj\u0105c agresji od wschodu. By\u0142a to konsekwencja tajnego protoko\u0142u Paktu Ribbentrop\u2011Mo\u0142otow z 23 sierpnia 1939 roku, przewiduj\u0105cego podzia\u0142 stref wp\u0142yw\u00f3w [&hellip;]<\/p>\n","protected":false},"author":7,"featured_media":0,"comment_status":"open","ping_status":"open","sticky":false,"template":"","format":"standard","meta":{"ngg_post_thumbnail":0,"footnotes":""},"categories":[5],"tags":[],"class_list":["post-55656","post","type-post","status-publish","format-standard","hentry","category-aktualnosci"],"_links":{"self":[{"href":"https:\/\/zsswierzowa.pl\/index.php?rest_route=\/wp\/v2\/posts\/55656","targetHints":{"allow":["GET"]}}],"collection":[{"href":"https:\/\/zsswierzowa.pl\/index.php?rest_route=\/wp\/v2\/posts"}],"about":[{"href":"https:\/\/zsswierzowa.pl\/index.php?rest_route=\/wp\/v2\/types\/post"}],"author":[{"embeddable":true,"href":"https:\/\/zsswierzowa.pl\/index.php?rest_route=\/wp\/v2\/users\/7"}],"replies":[{"embeddable":true,"href":"https:\/\/zsswierzowa.pl\/index.php?rest_route=%2Fwp%2Fv2%2Fcomments&post=55656"}],"version-history":[{"count":2,"href":"https:\/\/zsswierzowa.pl\/index.php?rest_route=\/wp\/v2\/posts\/55656\/revisions"}],"predecessor-version":[{"id":55662,"href":"https:\/\/zsswierzowa.pl\/index.php?rest_route=\/wp\/v2\/posts\/55656\/revisions\/55662"}],"wp:attachment":[{"href":"https:\/\/zsswierzowa.pl\/index.php?rest_route=%2Fwp%2Fv2%2Fmedia&parent=55656"}],"wp:term":[{"taxonomy":"category","embeddable":true,"href":"https:\/\/zsswierzowa.pl\/index.php?rest_route=%2Fwp%2Fv2%2Fcategories&post=55656"},{"taxonomy":"post_tag","embeddable":true,"href":"https:\/\/zsswierzowa.pl\/index.php?rest_route=%2Fwp%2Fv2%2Ftags&post=55656"}],"curies":[{"name":"wp","href":"https:\/\/api.w.org\/{rel}","templated":true}]}}