{"id":55520,"date":"2025-09-08T13:39:29","date_gmt":"2025-09-08T11:39:29","guid":{"rendered":"https:\/\/zsswierzowa.pl\/?p=55520"},"modified":"2025-09-09T13:50:03","modified_gmt":"2025-09-09T11:50:03","slug":"narodowe-czytanie-2025","status":"publish","type":"post","link":"https:\/\/zsswierzowa.pl\/?p=55520","title":{"rendered":"Narodowe Czytanie 2025 w naszej szkole."},"content":{"rendered":"\n<div class=\"wp-block-image\">\n<p style=\"text-align: justify;\">8 wrze\u015bnia 2025 roku odby\u0142a si\u0119 kolejna edycja og\u00f3lnopolskiej akcji Narodowe Czytanie, organizowanej pod patronatem Pary Prezydenckiej. W tym roku wsp\u00f3lnie czytali\u015bmy poezj\u0119 Jana Kochanowskiego \u2013 jednego z najwybitniejszych tw\u00f3rc\u00f3w epoki renesansu, kt\u00f3rego dzie\u0142a na sta\u0142e wesz\u0142y do kanonu polskiej literatury.<br>W naszej szkole wydarzenie to mia\u0142o wyj\u0105tkowy charakter. Uczniowie zaprezentowali wybrane utwory poety \u2013 m.in. fraszki, pie\u015bni oraz fragmenty \u201eTren\u00f3w\u201d w przygotowanej scence \u201ePanie Janie, mam pytanie\u201d.<\/p>\n<p style=\"text-align: justify;\">W posta\u0107 Jana Kochanowskiego wcieli\u0142 si\u0119 Szymon Szklarski z klasy VII, utwory poety odczyta\u0142y uczennice r\u00f3wnie\u017c z klasy VII: Rozalia Nizio\u0142ek, Amelia Hejnar, Lena Zajdel. Uroczysto\u015b\u0107 prowadzili: Micha\u0142 Dubis i Dawid Kurco\u0144 z klasy VIII.<br>Dzi\u0119ki temu podnios\u0142emu wydarzeniu mogli\u015bmy nie tylko obcowa\u0107 z pi\u0119knem polskiego j\u0119zyka, ale tak\u017ce zastanowi\u0107 si\u0119 nad ponadczasowym przes\u0142aniem tw\u00f3rczo\u015bci Kochanowskiego.<br>Ca\u0142o\u015b\u0107 spotkania u\u015bwietni\u0142a pi\u0119kna dekoracja, gazetka tematyczna na temat \u017cycia i tw\u00f3rczo\u015bci Jana Kochanowskiego.<br>Narodowe Czytanie to dla naszej spo\u0142eczno\u015bci szkolnej nie tylko lekcja literatury, lecz tak\u017ce okazja do wsp\u00f3lnego sp\u0119dzenia czasu i odkrywania bogactwa polskiej kultury.<br>Ponadto nasza m\u0142odzie\u017c wraz z nauczycielami i Pani\u0105 Dyrektor 5 wrze\u015bnia 2025r.wzi\u0119\u0142a udzia\u0142 w Narodowym Czytaniu zorganizowanym przez Gminne Centrum Kultury, Czytelnictwa i Sportu w Chork\u00f3wce. Mogli\u015bmy si\u0119 delektowa\u0107 pi\u0119kn\u0105 poezj\u0105 Jana Kochanowskiego w wykonaniu pracownik\u00f3w naszej Gminy na czele z Panem W\u00f3jtem.<br>Pi\u0119kna dekoracja, pogoda oraz wyst\u0119py muzyczne umili\u0142y nam wsp\u00f3lnie sp\u0119dzone pi\u0105tkowe przedpo\u0142udnie, za co serdecznie dzi\u0119kujemy!<\/p>\n<p style=\"text-align: justify;\">Dzi\u0119kujemy r\u00f3wnie\u017c wszystkim uczestnikom naszej szko\u0142y za zaanga\u017cowanie i serdecznie zapraszamy do udzia\u0142u w przysz\u0142orocznej edycji!<\/p>\nngg_shortcode_0_placeholder\n<\/div>\n\n\n\n\n","protected":false},"excerpt":{"rendered":"<p>8 wrze\u015bnia 2025 roku odby\u0142a si\u0119 kolejna edycja og\u00f3lnopolskiej akcji Narodowe Czytanie, organizowanej pod patronatem Pary Prezydenckiej. W tym roku wsp\u00f3lnie czytali\u015bmy poezj\u0119 Jana Kochanowskiego \u2013 jednego z najwybitniejszych tw\u00f3rc\u00f3w epoki renesansu, kt\u00f3rego dzie\u0142a na sta\u0142e wesz\u0142y do kanonu polskiej literatury.W naszej szkole wydarzenie to mia\u0142o wyj\u0105tkowy charakter. Uczniowie zaprezentowali wybrane utwory poety \u2013 m.in. [&hellip;]<\/p>\n","protected":false},"author":7,"featured_media":0,"comment_status":"open","ping_status":"open","sticky":false,"template":"","format":"standard","meta":{"ngg_post_thumbnail":0,"footnotes":""},"categories":[5],"tags":[],"class_list":["post-55520","post","type-post","status-publish","format-standard","hentry","category-aktualnosci"],"_links":{"self":[{"href":"https:\/\/zsswierzowa.pl\/index.php?rest_route=\/wp\/v2\/posts\/55520","targetHints":{"allow":["GET"]}}],"collection":[{"href":"https:\/\/zsswierzowa.pl\/index.php?rest_route=\/wp\/v2\/posts"}],"about":[{"href":"https:\/\/zsswierzowa.pl\/index.php?rest_route=\/wp\/v2\/types\/post"}],"author":[{"embeddable":true,"href":"https:\/\/zsswierzowa.pl\/index.php?rest_route=\/wp\/v2\/users\/7"}],"replies":[{"embeddable":true,"href":"https:\/\/zsswierzowa.pl\/index.php?rest_route=%2Fwp%2Fv2%2Fcomments&post=55520"}],"version-history":[{"count":2,"href":"https:\/\/zsswierzowa.pl\/index.php?rest_route=\/wp\/v2\/posts\/55520\/revisions"}],"predecessor-version":[{"id":55545,"href":"https:\/\/zsswierzowa.pl\/index.php?rest_route=\/wp\/v2\/posts\/55520\/revisions\/55545"}],"wp:attachment":[{"href":"https:\/\/zsswierzowa.pl\/index.php?rest_route=%2Fwp%2Fv2%2Fmedia&parent=55520"}],"wp:term":[{"taxonomy":"category","embeddable":true,"href":"https:\/\/zsswierzowa.pl\/index.php?rest_route=%2Fwp%2Fv2%2Fcategories&post=55520"},{"taxonomy":"post_tag","embeddable":true,"href":"https:\/\/zsswierzowa.pl\/index.php?rest_route=%2Fwp%2Fv2%2Ftags&post=55520"}],"curies":[{"name":"wp","href":"https:\/\/api.w.org\/{rel}","templated":true}]}}