{"id":55477,"date":"2025-09-01T14:45:31","date_gmt":"2025-09-01T12:45:31","guid":{"rendered":"https:\/\/zsswierzowa.pl\/?p=55477"},"modified":"2025-09-01T14:45:32","modified_gmt":"2025-09-01T12:45:32","slug":"inauguracja-roku-szkolnego-2025-2026","status":"publish","type":"post","link":"https:\/\/zsswierzowa.pl\/?p=55477","title":{"rendered":"Inauguracja roku szkolnego 2025\/2026"},"content":{"rendered":"\n<p style=\"text-align: justify;\">Uroczyste rozpocz\u0119cie nowego roku szkolnego 2025\/26 mia\u0142o miejsce w Zespole Szk\u00f3\u0142 w \u015awierzowej Polskiej. Jak co roku, uroczysto\u015b\u0107 zgromadzi\u0142a uczni\u00f3w, nauczycieli, rodzic\u00f3w oraz lokaln\u0105 spo\u0142eczno\u015b\u0107, kt\u00f3rzy wsp\u00f3lnie \u015bwi\u0119towali pocz\u0105tek kolejnego etapu edukacyjnej przygody. Spo\u0142eczno\u015b\u0107 szkolna, na czele z pocztem sztandarowym, P. Dyrektor, nauczycielami i rodzicami uczestniczy\u0142a we mszy \u015bw. w ko\u015bciele w Zr\u0119cinie. Nast\u0119pnie, zgromadzeni na sali gimnastycznej w budynku naszej szko\u0142y wsp\u00f3lnie z ch\u00f3rem szkolnym od\u015bpiewali hymn szko\u0142y.<br>Punktem kulminacyjnym sta\u0142o si\u0119 wyst\u0105pienie Pani Dyrektor Ma\u0142gorzaty Fr\u0105czek, kt\u00f3ra w swoim przem\u00f3wieniu zwr\u00f3ci\u0142a uwag\u0119 na znaczenie edukacji i roli szko\u0142y w rozwoju m\u0142odych ludzi. \u201eTo nowy rok pe\u0142en wyzwa\u0144, ale tak\u017ce mo\u017cliwo\u015bci. \u017bycz\u0119 wszystkim uczniom i nauczycielom owocnej pracy, sukces\u00f3w i satysfakcji z nauki\u201d \u2013 m\u00f3wi\u0142a P. Dyrektor.<br>\u201eDzi\u0119kuj\u0119 nauczycielom za gotowo\u015b\u0107 do pracy, zaanga\u017cowanie i pasj\u0119, z jak\u0105 podchodzicie do edukacji i wychowania m\u0142odego pokolenia. To dzi\u0119ki Wam szko\u0142a mo\u017ce by\u0107 miejscem, gdzie nie tylko zdobywa si\u0119 wiedz\u0119, ale i rozwija warto\u015bci, kt\u00f3re s\u0105 fundamentem naszego \u017cycia. Rodzicom dzi\u0119kuj\u0119 za zaufanie, jakim obdarzaj\u0105 nasz\u0105 plac\u00f3wk\u0119 powierzaj\u0105c swoje dzieci naszej opiece. Licz\u0119 na dalsz\u0105, owocn\u0105 wsp\u00f3\u0142prac\u0119, opart\u0105 na wzajemnym szacunku, otwarto\u015bci i wsp\u00f3lnym celu \u2013 jakim jest dobro uczni\u00f3w\u201d.<br>P. Dyrektor przypomnia\u0142a tak\u017ce o 86. rocznicy wybuchu II wojny \u015bwiatowej, o heroizmie i ofiarno\u015bci naszych przodk\u00f3w, a tak\u017ce o konieczno\u015bci piel\u0119gnowania pami\u0119ci i warto\u015bci takich jak pok\u00f3j, wolno\u015b\u0107 i tolerancja. \u201e\u017bywa pami\u0119\u0107 o tych wydarzeniach powinna inspirowa\u0107 nas do budowania \u015bwiata opartego na wzajemnym szacunku i dialogu\u201d &#8211; podkre\u015bli\u0142a P. Dyrektor.<br>Dla wielu z nas ten dzie\u0144 to kontynuacja rozpocz\u0119tej wcze\u015bniej drogi edukacyjnej, dla niekt\u00f3rych to zupe\u0142nie nowy rozdzia\u0142 \u2013 pierwszy dzie\u0144 w naszej szkole. Szczeg\u00f3lnie ciep\u0142o przywitani zostali uczniowie, kt\u00f3rzy do\u0142\u0105czaj\u0105 do naszej spo\u0142eczno\u015bci po raz pierwszy. \u201e\u017bycz\u0119 Wam, by\u015bcie szybko poczuli si\u0119 tu bezpiecznie i pewnie\u201d \u2013 tak zako\u0144czy\u0142a swoje przem\u00f3wienie P. Dyrektor.<br>Nowy rok szkolny 2025\/26 w \u015awierzowej Polskiej zapowiada si\u0119 jako czas pe\u0142en wyzwa\u0144 i nowych mo\u017cliwo\u015bci, a spo\u0142eczno\u015b\u0107 szkolna jest gotowa do podj\u0119cia kolejnych edukacyjnych wyzwa\u0144. Szko\u0142a w \u015awierzowej Polskiej stale d\u0105\u017cy do podnoszenia jako\u015bci nauczania i wspierania rozwoju m\u0142odych ludzi, tworz\u0105c przyjazne i inspiruj\u0105ce \u015brodowisko nauki.<\/p>\nngg_shortcode_0_placeholder\n\n\n","protected":false},"excerpt":{"rendered":"<p>Uroczyste rozpocz\u0119cie nowego roku szkolnego 2025\/26 mia\u0142o miejsce w Zespole Szk\u00f3\u0142 w \u015awierzowej Polskiej. Jak co roku, uroczysto\u015b\u0107 zgromadzi\u0142a uczni\u00f3w, nauczycieli, rodzic\u00f3w oraz lokaln\u0105 spo\u0142eczno\u015b\u0107, kt\u00f3rzy wsp\u00f3lnie \u015bwi\u0119towali pocz\u0105tek kolejnego etapu edukacyjnej przygody. Spo\u0142eczno\u015b\u0107 szkolna, na czele z pocztem sztandarowym, P. Dyrektor, nauczycielami i rodzicami uczestniczy\u0142a we mszy \u015bw. w ko\u015bciele w Zr\u0119cinie. Nast\u0119pnie, zgromadzeni [&hellip;]<\/p>\n","protected":false},"author":7,"featured_media":0,"comment_status":"open","ping_status":"open","sticky":false,"template":"","format":"standard","meta":{"ngg_post_thumbnail":0,"footnotes":""},"categories":[5],"tags":[],"class_list":["post-55477","post","type-post","status-publish","format-standard","hentry","category-aktualnosci"],"_links":{"self":[{"href":"https:\/\/zsswierzowa.pl\/index.php?rest_route=\/wp\/v2\/posts\/55477","targetHints":{"allow":["GET"]}}],"collection":[{"href":"https:\/\/zsswierzowa.pl\/index.php?rest_route=\/wp\/v2\/posts"}],"about":[{"href":"https:\/\/zsswierzowa.pl\/index.php?rest_route=\/wp\/v2\/types\/post"}],"author":[{"embeddable":true,"href":"https:\/\/zsswierzowa.pl\/index.php?rest_route=\/wp\/v2\/users\/7"}],"replies":[{"embeddable":true,"href":"https:\/\/zsswierzowa.pl\/index.php?rest_route=%2Fwp%2Fv2%2Fcomments&post=55477"}],"version-history":[{"count":1,"href":"https:\/\/zsswierzowa.pl\/index.php?rest_route=\/wp\/v2\/posts\/55477\/revisions"}],"predecessor-version":[{"id":55499,"href":"https:\/\/zsswierzowa.pl\/index.php?rest_route=\/wp\/v2\/posts\/55477\/revisions\/55499"}],"wp:attachment":[{"href":"https:\/\/zsswierzowa.pl\/index.php?rest_route=%2Fwp%2Fv2%2Fmedia&parent=55477"}],"wp:term":[{"taxonomy":"category","embeddable":true,"href":"https:\/\/zsswierzowa.pl\/index.php?rest_route=%2Fwp%2Fv2%2Fcategories&post=55477"},{"taxonomy":"post_tag","embeddable":true,"href":"https:\/\/zsswierzowa.pl\/index.php?rest_route=%2Fwp%2Fv2%2Ftags&post=55477"}],"curies":[{"name":"wp","href":"https:\/\/api.w.org\/{rel}","templated":true}]}}