{"id":55267,"date":"2025-06-30T13:56:41","date_gmt":"2025-06-30T11:56:41","guid":{"rendered":"https:\/\/zsswierzowa.pl\/?p=55267"},"modified":"2026-04-07T13:55:42","modified_gmt":"2026-04-07T11:55:42","slug":"zakonczenie-roku-przedszkolnego","status":"publish","type":"post","link":"https:\/\/zsswierzowa.pl\/?p=55267","title":{"rendered":"Zako\u0144czenie roku przedszkolnego"},"content":{"rendered":"\n<div class=\"xdj266r x14z9mp xat24cr x1lziwak x1vvkbs x126k92a\">\n<div dir=\"auto\" style=\"text-align: justify;\">Zako\u0144czenie roku przedszkolnego to zawsze wyj\u0105tkowy moment, pe\u0142en wzrusze\u0144 i rado\u015bci. Pani Dyrektor serdecznie powita\u0142a wszystkie przedszkolaki otwieraj\u0105c nasze wsp\u00f3lne \u015bwi\u0119towanie.<\/div>\n<\/div>\n<div class=\"x14z9mp xat24cr x1lziwak x1vvkbs xtlvy1s x126k92a\" style=\"text-align: justify;\">\n<div dir=\"auto\">Dzieci z grupy \u201eMotylki\u201d przygotowa\u0142y pi\u0119kny wyst\u0119p, kt\u00f3ry zaprezentowa\u0142y przed m\u0142odszymi kole\u017cankami i kolegami. By\u0142y piosenki oraz wierszyki, a na wielu twarzach pojawi\u0142 si\u0119 u\u015bmiech, ale i \u0142ezka wzruszenia, bo to przecie\u017c ostatnie wsp\u00f3lne chwile w przedszkolnych murach dla najstarszych przedszkolak\u00f3w.<\/div>\n<\/div>\n<div class=\"x14z9mp xat24cr x1lziwak x1vvkbs xtlvy1s x126k92a\" style=\"text-align: justify;\">\n<div dir=\"auto\">Pani Dyrektor wr\u0119czy\u0142a dzieciom dyplomy, ksi\u0105\u017ceczki, a tak\u017ce upominki przygotowane przez Rad\u0119 Rodzic\u00f3w, za co serdecznie dzi\u0119kujemy.<\/div>\n<\/div>\n<div class=\"x14z9mp xat24cr x1lziwak x1vvkbs xtlvy1s x126k92a\">\n<div dir=\"auto\" style=\"text-align: justify;\">Kochani Rodzice i Dzieci, dzi\u0119kujemy za wsp\u00f3lnie sp\u0119dzony rok, za wszystkie u\u015bmiechy, rado\u015b\u0107 i codzienne chwile, kt\u00f3re by\u0142y dla nas cenne. Z okazji nadchodz\u0105cych wakacji \u017cyczymy Wam du\u017co s\u0142o\u0144ca, odpoczynku, pi\u0119knych chwil i bezpiecznych przyg\u00f3d. Niech ka\u017cdy dzie\u0144 b\u0119dzie pe\u0142en u\u015bmiechu!<\/div>\n<div dir=\"auto\">\nngg_shortcode_0_placeholder\n<\/div>\n<\/div>\n","protected":false},"excerpt":{"rendered":"<p>Zako\u0144czenie roku przedszkolnego to zawsze wyj\u0105tkowy moment, pe\u0142en wzrusze\u0144 i rado\u015bci. Pani Dyrektor serdecznie powita\u0142a wszystkie przedszkolaki otwieraj\u0105c nasze wsp\u00f3lne \u015bwi\u0119towanie. Dzieci z grupy \u201eMotylki\u201d przygotowa\u0142y pi\u0119kny wyst\u0119p, kt\u00f3ry zaprezentowa\u0142y przed m\u0142odszymi kole\u017cankami i kolegami. By\u0142y piosenki oraz wierszyki, a na wielu twarzach pojawi\u0142 si\u0119 u\u015bmiech, ale i \u0142ezka wzruszenia, bo to przecie\u017c ostatnie wsp\u00f3lne [&hellip;]<\/p>\n","protected":false},"author":11,"featured_media":0,"comment_status":"open","ping_status":"open","sticky":false,"template":"","format":"standard","meta":{"ngg_post_thumbnail":0,"footnotes":""},"categories":[11],"tags":[],"class_list":["post-55267","post","type-post","status-publish","format-standard","hentry","category-archiwum-przedszkole"],"_links":{"self":[{"href":"https:\/\/zsswierzowa.pl\/index.php?rest_route=\/wp\/v2\/posts\/55267","targetHints":{"allow":["GET"]}}],"collection":[{"href":"https:\/\/zsswierzowa.pl\/index.php?rest_route=\/wp\/v2\/posts"}],"about":[{"href":"https:\/\/zsswierzowa.pl\/index.php?rest_route=\/wp\/v2\/types\/post"}],"author":[{"embeddable":true,"href":"https:\/\/zsswierzowa.pl\/index.php?rest_route=\/wp\/v2\/users\/11"}],"replies":[{"embeddable":true,"href":"https:\/\/zsswierzowa.pl\/index.php?rest_route=%2Fwp%2Fv2%2Fcomments&post=55267"}],"version-history":[{"count":1,"href":"https:\/\/zsswierzowa.pl\/index.php?rest_route=\/wp\/v2\/posts\/55267\/revisions"}],"predecessor-version":[{"id":55284,"href":"https:\/\/zsswierzowa.pl\/index.php?rest_route=\/wp\/v2\/posts\/55267\/revisions\/55284"}],"wp:attachment":[{"href":"https:\/\/zsswierzowa.pl\/index.php?rest_route=%2Fwp%2Fv2%2Fmedia&parent=55267"}],"wp:term":[{"taxonomy":"category","embeddable":true,"href":"https:\/\/zsswierzowa.pl\/index.php?rest_route=%2Fwp%2Fv2%2Fcategories&post=55267"},{"taxonomy":"post_tag","embeddable":true,"href":"https:\/\/zsswierzowa.pl\/index.php?rest_route=%2Fwp%2Fv2%2Ftags&post=55267"}],"curies":[{"name":"wp","href":"https:\/\/api.w.org\/{rel}","templated":true}]}}