{"id":55090,"date":"2025-06-22T12:27:24","date_gmt":"2025-06-22T10:27:24","guid":{"rendered":"https:\/\/zsswierzowa.pl\/?p=55090"},"modified":"2026-04-07T13:56:29","modified_gmt":"2026-04-07T11:56:29","slug":"odsloniecie-i-poswiecenie-muralu-ksiadz-major-mieczyslaw-janas-w-swierzowej-polskiej","status":"publish","type":"post","link":"https:\/\/zsswierzowa.pl\/?p=55090","title":{"rendered":"Ods\u0142oni\u0119cie i po\u015bwi\u0119cenie muralu \u201eKsi\u0105dz major Mieczys\u0142aw Janas\u201d w \u015awierzowej Polskiej"},"content":{"rendered":"\n<p style=\"text-align: justify;\">W pi\u0105tek, 20 czerwca, mieszka\u0144cy \u015awierzowej Polskiej i okolicznych miejscowo\u015bci zebrali si\u0119, by uczci\u0107 pami\u0119\u0107 wyj\u0105tkowej postaci \u2013 ksi\u0119dza majora Mieczys\u0142awa Janasa. Uroczysto\u015b\u0107 ods\u0142oni\u0119cia i po\u015bwi\u0119cenia muralu zgromadzi\u0142a przedstawicieli w\u0142adz samorz\u0105dowych, duchowie\u0144stwa oraz spo\u0142eczno\u015bci lokalnej.<\/p>\n<p style=\"text-align: justify;\">Obchody rozpocz\u0119\u0142y si\u0119 punktualnie o godzinie 15.00 Koronk\u0105 do Mi\u0142osierdzia Bo\u017cego. Nast\u0119pnie, o 15.15, odprawiona zosta\u0142a Msza \u015awi\u0119ta koncelebrowana pod przewodnictwem ks. Pra\u0142ata p\u0142k. Zbigniewa K\u0119py \u2013 kapelana Wojska Polskiego, kt\u00f3ry w swoim kazaniu podkre\u015bli\u0142 niez\u0142omn\u0105 postaw\u0119 ks. Janasa i jego s\u0142u\u017cb\u0119 zar\u00f3wno Bogu, jak i Ojczy\u017anie.<\/p>\n<p style=\"text-align: justify;\">Po Eucharystii, o godzinie 16.00, odby\u0142o si\u0119 uroczyste ods\u0142oni\u0119cie i po\u015bwi\u0119cenie muralu, kt\u00f3ry powsta\u0142 z inicjatywy Stowarzyszenia Pami\u0119ci Kapelan\u00f3w Katy\u0144skich, parafi pw. \u015bw. Stanis\u0142awa Biskupa M\u0119czennika w Zr\u0119cinie oraz W\u00f3jta Gminy Chork\u00f3wka. Dzie\u0142o artystyczne przedstawia sylwetk\u0119 ks. Janasa w spos\u00f3b symboliczny \u2013 jako kap\u0142ana i&nbsp;oficera, cz\u0142owieka wiary i czynu.<\/p>\n<p style=\"text-align: justify;\">Piknik patriotyczny \u2013 wsp\u00f3lnota w dzia\u0142aniu.<\/p>\n<p style=\"text-align: justify;\">Kolejnym punktem programu by\u0142 piknik patriotyczny, kt\u00f3ry rozpocz\u0105\u0142 si\u0119 o godzinie 16.30 i stanowi\u0142 wyj\u0105tkow\u0105 okazj\u0119 do integracji mieszka\u0144c\u00f3w, ale te\u017c uczczenia pami\u0119ci o historii, kt\u00f3ra przez lata by\u0142a przemilczana. W ramach pikniku zaprezentowano program artystyczny zatytu\u0142owany \u201eKaty\u0144 \u2013 prawda przemilczana przez lata\u201d w&nbsp;wykonaniu uczni\u00f3w Zespo\u0142u Szk\u00f3\u0142 im. Ignacego \u0141ukasiewicza w \u015awierzowej Polskiej.<\/p>\n<p style=\"text-align: justify;\">Nast\u0119pnie wyst\u0105pi\u0142 Dzieci\u0119co-M\u0142odzie\u017cowy Zesp\u00f3\u0142 Ludowy \u201eZazula\u201d z Chork\u00f3wki, kt\u00f3ry zaprezentowa\u0142 folklorystyczny repertuar w ho\u0142dzie tradycji i kulturze regionu. Uroczysto\u015b\u0107 zako\u0144czy\u0142 wyst\u0119p Zespo\u0142u \u015apiewaczego \u201eSeniorzy\u201d ze \u015awierzowej Polskiej, kt\u00f3ry wzruszy\u0142 publiczno\u015b\u0107 patriotycznymi pie\u015bniami i lokalnym dziedzictwem muzycznym.<\/p>\n<p style=\"text-align: justify;\">Ksi\u0105dz major Mieczys\u0142aw Janas \u2013 bohater dw\u00f3ch \u015bwiat\u00f3w.<\/p>\n<p style=\"text-align: justify;\">Kap\u0142an, \u017co\u0142nierz, patriota. Ksi\u0105dz Janas zapisa\u0142 si\u0119 w historii jako cz\u0142owiek niez\u0142omnych zasad, kt\u00f3ry nie zawaha\u0142 si\u0119 stan\u0105\u0107 po stronie prawdy i wolno\u015bci w najtrudniejszych czasach. &nbsp;Mural, kt\u00f3ry od teraz zdobi budynek Zespo\u0142u Szk\u00f3\u0142 w \u015awierzowej Polskiej, ma przypomina\u0107 o warto\u015bciach, kt\u00f3re reprezentowa\u0142 \u2013 o odwadze, wierze, mi\u0142o\u015bci do Ojczyzny i drugiego cz\u0142owieka.<\/p>\nngg_shortcode_0_placeholder\n","protected":false},"excerpt":{"rendered":"<p>W pi\u0105tek, 20 czerwca, mieszka\u0144cy \u015awierzowej Polskiej i okolicznych miejscowo\u015bci zebrali si\u0119, by uczci\u0107 pami\u0119\u0107 wyj\u0105tkowej postaci \u2013 ksi\u0119dza majora Mieczys\u0142awa Janasa. Uroczysto\u015b\u0107 ods\u0142oni\u0119cia i po\u015bwi\u0119cenia muralu zgromadzi\u0142a przedstawicieli w\u0142adz samorz\u0105dowych, duchowie\u0144stwa oraz spo\u0142eczno\u015bci lokalnej. Obchody rozpocz\u0119\u0142y si\u0119 punktualnie o godzinie 15.00 Koronk\u0105 do Mi\u0142osierdzia Bo\u017cego. Nast\u0119pnie, o 15.15, odprawiona zosta\u0142a Msza \u015awi\u0119ta koncelebrowana pod [&hellip;]<\/p>\n","protected":false},"author":7,"featured_media":0,"comment_status":"open","ping_status":"open","sticky":false,"template":"","format":"standard","meta":{"ngg_post_thumbnail":0,"footnotes":""},"categories":[10],"tags":[],"class_list":["post-55090","post","type-post","status-publish","format-standard","hentry","category-archiwum"],"_links":{"self":[{"href":"https:\/\/zsswierzowa.pl\/index.php?rest_route=\/wp\/v2\/posts\/55090","targetHints":{"allow":["GET"]}}],"collection":[{"href":"https:\/\/zsswierzowa.pl\/index.php?rest_route=\/wp\/v2\/posts"}],"about":[{"href":"https:\/\/zsswierzowa.pl\/index.php?rest_route=\/wp\/v2\/types\/post"}],"author":[{"embeddable":true,"href":"https:\/\/zsswierzowa.pl\/index.php?rest_route=\/wp\/v2\/users\/7"}],"replies":[{"embeddable":true,"href":"https:\/\/zsswierzowa.pl\/index.php?rest_route=%2Fwp%2Fv2%2Fcomments&post=55090"}],"version-history":[{"count":1,"href":"https:\/\/zsswierzowa.pl\/index.php?rest_route=\/wp\/v2\/posts\/55090\/revisions"}],"predecessor-version":[{"id":55103,"href":"https:\/\/zsswierzowa.pl\/index.php?rest_route=\/wp\/v2\/posts\/55090\/revisions\/55103"}],"wp:attachment":[{"href":"https:\/\/zsswierzowa.pl\/index.php?rest_route=%2Fwp%2Fv2%2Fmedia&parent=55090"}],"wp:term":[{"taxonomy":"category","embeddable":true,"href":"https:\/\/zsswierzowa.pl\/index.php?rest_route=%2Fwp%2Fv2%2Fcategories&post=55090"},{"taxonomy":"post_tag","embeddable":true,"href":"https:\/\/zsswierzowa.pl\/index.php?rest_route=%2Fwp%2Fv2%2Ftags&post=55090"}],"curies":[{"name":"wp","href":"https:\/\/api.w.org\/{rel}","templated":true}]}}