{"id":54672,"date":"2025-05-27T13:59:32","date_gmt":"2025-05-27T11:59:32","guid":{"rendered":"https:\/\/zsswierzowa.pl\/?p=54672"},"modified":"2026-04-07T13:53:13","modified_gmt":"2026-04-07T11:53:13","slug":"konkurs-recytatorski-zaczek-przedszkolaczek","status":"publish","type":"post","link":"https:\/\/zsswierzowa.pl\/?p=54672","title":{"rendered":"Konkurs recytatorski \u017baczek Przedszkolaczek"},"content":{"rendered":"\n\n\n<div class=\"xdj266r x11i5rnm xat24cr x1mh8g0r x1vvkbs x126k92a\">\n<div dir=\"auto\" style=\"text-align: justify;\">26 maja odby\u0142 sie XXI konkurs m\u00f3wienia wierszy przez najm\u0142odszych \u2013 \u017baczek Przedszkolaczek na scenie. Organizatorem konkursu by\u0142o Regionalne Centrum Kultur Pogranicza w Kro\u015bnie. W zmaganiach konkursowych uczestniczy\u0142o 85 os\u00f3b. Nasz\u0105 plac\u00f3wk\u0119 reprezentowa\u0142y dzieci:<\/div>\n<div dir=\"auto\" style=\"text-align: justify;\">Laura Mi\u015bkowiec<\/div>\n<div dir=\"auto\" style=\"text-align: justify;\">Adam Firlej<\/div>\n<div dir=\"auto\" style=\"text-align: justify;\">Krzysztof Blecharczyk<\/div>\n<div dir=\"auto\" style=\"text-align: justify;\">Eryk Korona<\/div>\n<div dir=\"auto\" style=\"text-align: justify;\">Nikodem Przybylski<\/div>\n<div dir=\"auto\" style=\"text-align: justify;\">Wszystkie dzieci stara\u0142y si\u0119 jak najlepiej wyst\u0105pi\u0107. Laura Mi\u015bkowiec i Eryk Korona otrzymali wyr\u00f3\u017cnienie, Adam Firlej zdoby\u0142 nagrod\u0119.<\/div>\n<\/div>\n<div class=\"x11i5rnm xat24cr x1mh8g0r x1vvkbs xtlvy1s x126k92a\">\n<div dir=\"auto\" style=\"text-align: justify;\">Gratulujemy wszystkim Dzieciom i Rodzicom.<\/div>\n<div dir=\"auto\" style=\"text-align: justify;\">\u017byczymy dalszych sukces\u00f3w!<\/div>\n<div dir=\"auto\">\nngg_shortcode_0_placeholder\n<\/div>\n<\/div>\n","protected":false},"excerpt":{"rendered":"<p>26 maja odby\u0142 sie XXI konkurs m\u00f3wienia wierszy przez najm\u0142odszych \u2013 \u017baczek Przedszkolaczek na scenie. Organizatorem konkursu by\u0142o Regionalne Centrum Kultur Pogranicza w Kro\u015bnie. W zmaganiach konkursowych uczestniczy\u0142o 85 os\u00f3b. Nasz\u0105 plac\u00f3wk\u0119 reprezentowa\u0142y dzieci: Laura Mi\u015bkowiec Adam Firlej Krzysztof Blecharczyk Eryk Korona Nikodem Przybylski Wszystkie dzieci stara\u0142y si\u0119 jak najlepiej wyst\u0105pi\u0107. Laura Mi\u015bkowiec i Eryk [&hellip;]<\/p>\n","protected":false},"author":11,"featured_media":0,"comment_status":"open","ping_status":"open","sticky":false,"template":"","format":"standard","meta":{"ngg_post_thumbnail":0,"footnotes":""},"categories":[11],"tags":[],"class_list":["post-54672","post","type-post","status-publish","format-standard","hentry","category-archiwum-przedszkole"],"_links":{"self":[{"href":"https:\/\/zsswierzowa.pl\/index.php?rest_route=\/wp\/v2\/posts\/54672","targetHints":{"allow":["GET"]}}],"collection":[{"href":"https:\/\/zsswierzowa.pl\/index.php?rest_route=\/wp\/v2\/posts"}],"about":[{"href":"https:\/\/zsswierzowa.pl\/index.php?rest_route=\/wp\/v2\/types\/post"}],"author":[{"embeddable":true,"href":"https:\/\/zsswierzowa.pl\/index.php?rest_route=\/wp\/v2\/users\/11"}],"replies":[{"embeddable":true,"href":"https:\/\/zsswierzowa.pl\/index.php?rest_route=%2Fwp%2Fv2%2Fcomments&post=54672"}],"version-history":[{"count":1,"href":"https:\/\/zsswierzowa.pl\/index.php?rest_route=\/wp\/v2\/posts\/54672\/revisions"}],"predecessor-version":[{"id":54681,"href":"https:\/\/zsswierzowa.pl\/index.php?rest_route=\/wp\/v2\/posts\/54672\/revisions\/54681"}],"wp:attachment":[{"href":"https:\/\/zsswierzowa.pl\/index.php?rest_route=%2Fwp%2Fv2%2Fmedia&parent=54672"}],"wp:term":[{"taxonomy":"category","embeddable":true,"href":"https:\/\/zsswierzowa.pl\/index.php?rest_route=%2Fwp%2Fv2%2Fcategories&post=54672"},{"taxonomy":"post_tag","embeddable":true,"href":"https:\/\/zsswierzowa.pl\/index.php?rest_route=%2Fwp%2Fv2%2Ftags&post=54672"}],"curies":[{"name":"wp","href":"https:\/\/api.w.org\/{rel}","templated":true}]}}