{"id":54467,"date":"2025-04-30T13:13:19","date_gmt":"2025-04-30T11:13:19","guid":{"rendered":"https:\/\/zsswierzowa.pl\/?p=54467"},"modified":"2026-04-07T13:51:17","modified_gmt":"2026-04-07T11:51:17","slug":"swieta-majowe-2","status":"publish","type":"post","link":"https:\/\/zsswierzowa.pl\/?p=54467","title":{"rendered":"\u015awi\u0119ta Majowe"},"content":{"rendered":"\n<div class=\"xdj266r x11i5rnm xat24cr x1mh8g0r x1vvkbs x126k92a\">\n<div dir=\"auto\" style=\"text-align: justify;\">Pocz\u0105tek maja to czas wa\u017cnych \u015bwi\u0105t narodowych. 1 maja obchodzimy \u015awi\u0119to Pracy, 2 maja \u2013 Dzie\u0144 Flagi Rzeczypospolitej Polskiej, a 3 maja upami\u0119tniamy uchwalenie Konstytucji 3 Maja. To doskona\u0142a okazja, by ju\u017c od najm\u0142odszych lat uczy\u0107 dzieci szacunku do symboli narodowych oraz historii naszego kraju.<\/div>\n<\/div>\n<div class=\"x11i5rnm xat24cr x1mh8g0r x1vvkbs xtlvy1s x126k92a\">\n<div dir=\"auto\" style=\"text-align: justify;\">W naszym przedszkolu r\u00f3wnie\u017c nie zabrak\u0142o patriotycznego ducha. Przedszkolaki, wraz ze swoimi wychowawcami oraz pani\u0105 dyrektor, przesz\u0142y z bia\u0142o-czerwonymi flagami ulicami naszej wioski. By\u0142a to nie tylko radosna, kolorowa parada, ale przede wszystkim pi\u0119kna lekcja patriotyzmu.<\/div>\n<\/div>\n<div class=\"x11i5rnm xat24cr x1mh8g0r x1vvkbs xtlvy1s x126k92a\" style=\"text-align: justify;\">\n<div dir=\"auto\">Dzieci pozna\u0142y znaczenie majowych \u015bwi\u0105t, a dzi\u0119ki wsp\u00f3lnej inicjatywie mog\u0142y poczu\u0107 si\u0119 cz\u0119\u015bci\u0105 wi\u0119kszej wsp\u00f3lnoty.<\/div>\n<\/div>\n<div class=\"x11i5rnm xat24cr x1mh8g0r x1vvkbs xtlvy1s x126k92a\">\n<div dir=\"auto\" style=\"text-align: justify;\">Zach\u0119camy wszystkich do uczczenia tych wyj\u0105tkowych dni poprzez wywieszenie flagi narodowej przy swoich domach \u2013 poka\u017cmy \u017ce jeste\u015bmy dumni z bycia Polakami!&nbsp;<\/div>\n<div dir=\"auto\">\nngg_shortcode_0_placeholder\n<\/div>\n<\/div>\n","protected":false},"excerpt":{"rendered":"<p>Pocz\u0105tek maja to czas wa\u017cnych \u015bwi\u0105t narodowych. 1 maja obchodzimy \u015awi\u0119to Pracy, 2 maja \u2013 Dzie\u0144 Flagi Rzeczypospolitej Polskiej, a 3 maja upami\u0119tniamy uchwalenie Konstytucji 3 Maja. To doskona\u0142a okazja, by ju\u017c od najm\u0142odszych lat uczy\u0107 dzieci szacunku do symboli narodowych oraz historii naszego kraju. W naszym przedszkolu r\u00f3wnie\u017c nie zabrak\u0142o patriotycznego ducha. Przedszkolaki, wraz [&hellip;]<\/p>\n","protected":false},"author":11,"featured_media":0,"comment_status":"open","ping_status":"open","sticky":false,"template":"","format":"standard","meta":{"ngg_post_thumbnail":0,"footnotes":""},"categories":[11],"tags":[],"class_list":["post-54467","post","type-post","status-publish","format-standard","hentry","category-archiwum-przedszkole"],"_links":{"self":[{"href":"https:\/\/zsswierzowa.pl\/index.php?rest_route=\/wp\/v2\/posts\/54467","targetHints":{"allow":["GET"]}}],"collection":[{"href":"https:\/\/zsswierzowa.pl\/index.php?rest_route=\/wp\/v2\/posts"}],"about":[{"href":"https:\/\/zsswierzowa.pl\/index.php?rest_route=\/wp\/v2\/types\/post"}],"author":[{"embeddable":true,"href":"https:\/\/zsswierzowa.pl\/index.php?rest_route=\/wp\/v2\/users\/11"}],"replies":[{"embeddable":true,"href":"https:\/\/zsswierzowa.pl\/index.php?rest_route=%2Fwp%2Fv2%2Fcomments&post=54467"}],"version-history":[{"count":1,"href":"https:\/\/zsswierzowa.pl\/index.php?rest_route=\/wp\/v2\/posts\/54467\/revisions"}],"predecessor-version":[{"id":54483,"href":"https:\/\/zsswierzowa.pl\/index.php?rest_route=\/wp\/v2\/posts\/54467\/revisions\/54483"}],"wp:attachment":[{"href":"https:\/\/zsswierzowa.pl\/index.php?rest_route=%2Fwp%2Fv2%2Fmedia&parent=54467"}],"wp:term":[{"taxonomy":"category","embeddable":true,"href":"https:\/\/zsswierzowa.pl\/index.php?rest_route=%2Fwp%2Fv2%2Fcategories&post=54467"},{"taxonomy":"post_tag","embeddable":true,"href":"https:\/\/zsswierzowa.pl\/index.php?rest_route=%2Fwp%2Fv2%2Ftags&post=54467"}],"curies":[{"name":"wp","href":"https:\/\/api.w.org\/{rel}","templated":true}]}}