{"id":54266,"date":"2025-04-23T19:59:35","date_gmt":"2025-04-23T17:59:35","guid":{"rendered":"https:\/\/zsswierzowa.pl\/?p=54266"},"modified":"2026-04-07T13:51:47","modified_gmt":"2026-04-07T11:51:47","slug":"swiatowy-dzien-ziemi-2","status":"publish","type":"post","link":"https:\/\/zsswierzowa.pl\/?p=54266","title":{"rendered":"\u015aWIATOWY DZIE\u0143 ZIEMI"},"content":{"rendered":"\n<p style=\"text-align: justify;\">22 kwietnia to dzie\u0144, kt\u00f3ry powinien pobudzi\u0107 do refleksji ka\u017cdego mieszka\u0144ca naszej planety. To \u015bwi\u0119to naszego domu &#8211; Ziemi. Ka\u017cdego dnia korzystamy z jej zasob\u00f3w, czerpiemy si\u0142\u0119 ze \u017ar\u00f3d\u0142a, jakim jest przyroda i cieszymy oczy bogactwem, kt\u00f3re przed nami roztacza. Mimo to, wci\u0105\u017c przyczyniamy si\u0119 do jej zanieczyszczenia i degradacji. To smutne. Chcemy to zmieni\u0107.<\/p>\n<p style=\"text-align: justify;\">Z okazji \u015awiatowego Dnia Ziemi uczniowie naszej szko\u0142y- cz\u0142onkowie SK LOP przygotowali akademi\u0119 \u201eWYSPA ZIELONA\u201d, kt\u00f3r\u0105 zaprezentowali 25 kwietnia 2025 r. W czasie przedstawienia uczniowie u\u015bwiadomili wszystkim, jak wa\u017cn\u0105 rzecz\u0105 w \u017cyciu ka\u017cdego cz\u0142owieka jest poczucie przynale\u017cno\u015bci do \u015brodowiska i poczucie odpowiedzialno\u015bci za jego stan.&nbsp; Przypomnieli spo\u0142eczno\u015bci szkolnej, \u017ce nawet najprostsze dzia\u0142ania ka\u017cdego z nas maj\u0105 sens.&nbsp; Ka\u017cdy uczestnik wylosowa\u0142 postanowienie \u2013 wskaz\u00f3wk\u0119, na kt\u00f3r\u0105 b\u0119dzie zwraca\u0142 uwag\u0119 ka\u017cdego dnia. Warto je podejmowa\u0107 na co dzie\u0144, by ka\u017cdy dzie\u0144 by\u0142 \u015bwi\u0119tem Ziemi.<\/p>\n<p style=\"text-align: justify;\">Apelujemy do wszystkich, kt\u00f3rym zale\u017cy na \u017cyciu w zdrowym, przyjaznym \u015brodowisku. Dbajmy o Ziemi\u0119, nie tylko w dniu jej \u015bwi\u0119ta. Mamy j\u0105 tylko jedn\u0105!!!<\/p>\n<p style=\"text-align: justify;\">Szkolne Ko\u0142o LOP<\/p>\nngg_shortcode_0_placeholder\n\n\n","protected":false},"excerpt":{"rendered":"<p>22 kwietnia to dzie\u0144, kt\u00f3ry powinien pobudzi\u0107 do refleksji ka\u017cdego mieszka\u0144ca naszej planety. To \u015bwi\u0119to naszego domu &#8211; Ziemi. Ka\u017cdego dnia korzystamy z jej zasob\u00f3w, czerpiemy si\u0142\u0119 ze \u017ar\u00f3d\u0142a, jakim jest przyroda i cieszymy oczy bogactwem, kt\u00f3re przed nami roztacza. Mimo to, wci\u0105\u017c przyczyniamy si\u0119 do jej zanieczyszczenia i degradacji. To smutne. Chcemy to zmieni\u0107. [&hellip;]<\/p>\n","protected":false},"author":7,"featured_media":0,"comment_status":"open","ping_status":"open","sticky":false,"template":"","format":"standard","meta":{"ngg_post_thumbnail":0,"footnotes":""},"categories":[10],"tags":[],"class_list":["post-54266","post","type-post","status-publish","format-standard","hentry","category-archiwum"],"_links":{"self":[{"href":"https:\/\/zsswierzowa.pl\/index.php?rest_route=\/wp\/v2\/posts\/54266","targetHints":{"allow":["GET"]}}],"collection":[{"href":"https:\/\/zsswierzowa.pl\/index.php?rest_route=\/wp\/v2\/posts"}],"about":[{"href":"https:\/\/zsswierzowa.pl\/index.php?rest_route=\/wp\/v2\/types\/post"}],"author":[{"embeddable":true,"href":"https:\/\/zsswierzowa.pl\/index.php?rest_route=\/wp\/v2\/users\/7"}],"replies":[{"embeddable":true,"href":"https:\/\/zsswierzowa.pl\/index.php?rest_route=%2Fwp%2Fv2%2Fcomments&post=54266"}],"version-history":[{"count":2,"href":"https:\/\/zsswierzowa.pl\/index.php?rest_route=\/wp\/v2\/posts\/54266\/revisions"}],"predecessor-version":[{"id":54300,"href":"https:\/\/zsswierzowa.pl\/index.php?rest_route=\/wp\/v2\/posts\/54266\/revisions\/54300"}],"wp:attachment":[{"href":"https:\/\/zsswierzowa.pl\/index.php?rest_route=%2Fwp%2Fv2%2Fmedia&parent=54266"}],"wp:term":[{"taxonomy":"category","embeddable":true,"href":"https:\/\/zsswierzowa.pl\/index.php?rest_route=%2Fwp%2Fv2%2Fcategories&post=54266"},{"taxonomy":"post_tag","embeddable":true,"href":"https:\/\/zsswierzowa.pl\/index.php?rest_route=%2Fwp%2Fv2%2Ftags&post=54266"}],"curies":[{"name":"wp","href":"https:\/\/api.w.org\/{rel}","templated":true}]}}