{"id":53920,"date":"2025-04-06T14:42:34","date_gmt":"2025-04-06T12:42:34","guid":{"rendered":"https:\/\/zsswierzowa.pl\/?p=53920"},"modified":"2026-04-07T13:52:23","modified_gmt":"2026-04-07T11:52:23","slug":"sukcesy-mlodych-judokow","status":"publish","type":"post","link":"https:\/\/zsswierzowa.pl\/?p=53920","title":{"rendered":"Sukcesy m\u0142odych judok\u00f3w"},"content":{"rendered":"\n<div class=\"html-div xdj266r x11i5rnm xat24cr x1mh8g0r xexx8yu x4uap5 x18d9i69 xkhd6sd\" dir=\"auto\">\n<div class=\"html-div xdj266r x11i5rnm xat24cr x1mh8g0r xexx8yu x4uap5 x18d9i69 xkhd6sd\" data-ad-rendering-role=\"story_message\">\n<div id=\"\u00abrh2\u00bb\" class=\"x1l90r2v x1iorvi4 x1ye3gou xn6708d\" data-ad-comet-preview=\"message\" data-ad-preview=\"message\">\n<div class=\"x78zum5 xdt5ytf xz62fqu x16ldp7u\">\n<div class=\"xu06os2 x1ok221b\">\n<div class=\"xdj266r x11i5rnm xat24cr x1mh8g0r x1vvkbs x126k92a\">\n<div dir=\"auto\" style=\"text-align: justify;\">5 kwietnia uczniowie naszej szko\u0142y i zawodnicy UKS Jasio\u0142eczka wystartowali w Mistrzostwach Wojew\u00f3dztwa Podkarpackiego w Judo. Turniej odby\u0142 si\u0119 w Ja\u015ble i zgromadzi\u0142 150 judok\u00f3w z 10 podkarpackich klub\u00f3w. Uczniowie naszej szko\u0142y spisali si\u0119 bardzo dobrze i wywalczyli:<\/div>\n<div dir=\"auto\">Micha\u0142 Dubis &#8211; z\u0142oty medal,<\/div>\n<div dir=\"auto\">Natan Faber &#8211; br\u0105zowy medal,<\/div>\n<div dir=\"auto\">Filip \u015awi\u0119s &#8211; br\u0105zowy medal,<\/div>\n<div dir=\"auto\">Karina \u015awi\u0119tnicka VII miejsce.<\/div>\n<div dir=\"auto\">Gratulacje dla zawodnik\u00f3w i trenera Piotra Drozda!\nngg_shortcode_0_placeholder\n<\/div>\n<\/div>\n<\/div>\n<\/div>\n<\/div>\n<\/div>\n<\/div>\n","protected":false},"excerpt":{"rendered":"<p>5 kwietnia uczniowie naszej szko\u0142y i zawodnicy UKS Jasio\u0142eczka wystartowali w Mistrzostwach Wojew\u00f3dztwa Podkarpackiego w Judo. Turniej odby\u0142 si\u0119 w Ja\u015ble i zgromadzi\u0142 150 judok\u00f3w z 10 podkarpackich klub\u00f3w. Uczniowie naszej szko\u0142y spisali si\u0119 bardzo dobrze i wywalczyli: Micha\u0142 Dubis &#8211; z\u0142oty medal, Natan Faber &#8211; br\u0105zowy medal, Filip \u015awi\u0119s &#8211; br\u0105zowy medal, Karina \u015awi\u0119tnicka [&hellip;]<\/p>\n","protected":false},"author":7,"featured_media":0,"comment_status":"open","ping_status":"open","sticky":false,"template":"","format":"standard","meta":{"ngg_post_thumbnail":0,"footnotes":""},"categories":[10],"tags":[],"class_list":["post-53920","post","type-post","status-publish","format-standard","hentry","category-archiwum"],"_links":{"self":[{"href":"https:\/\/zsswierzowa.pl\/index.php?rest_route=\/wp\/v2\/posts\/53920","targetHints":{"allow":["GET"]}}],"collection":[{"href":"https:\/\/zsswierzowa.pl\/index.php?rest_route=\/wp\/v2\/posts"}],"about":[{"href":"https:\/\/zsswierzowa.pl\/index.php?rest_route=\/wp\/v2\/types\/post"}],"author":[{"embeddable":true,"href":"https:\/\/zsswierzowa.pl\/index.php?rest_route=\/wp\/v2\/users\/7"}],"replies":[{"embeddable":true,"href":"https:\/\/zsswierzowa.pl\/index.php?rest_route=%2Fwp%2Fv2%2Fcomments&post=53920"}],"version-history":[{"count":1,"href":"https:\/\/zsswierzowa.pl\/index.php?rest_route=\/wp\/v2\/posts\/53920\/revisions"}],"predecessor-version":[{"id":53927,"href":"https:\/\/zsswierzowa.pl\/index.php?rest_route=\/wp\/v2\/posts\/53920\/revisions\/53927"}],"wp:attachment":[{"href":"https:\/\/zsswierzowa.pl\/index.php?rest_route=%2Fwp%2Fv2%2Fmedia&parent=53920"}],"wp:term":[{"taxonomy":"category","embeddable":true,"href":"https:\/\/zsswierzowa.pl\/index.php?rest_route=%2Fwp%2Fv2%2Fcategories&post=53920"},{"taxonomy":"post_tag","embeddable":true,"href":"https:\/\/zsswierzowa.pl\/index.php?rest_route=%2Fwp%2Fv2%2Ftags&post=53920"}],"curies":[{"name":"wp","href":"https:\/\/api.w.org\/{rel}","templated":true}]}}