{"id":53262,"date":"2025-02-28T09:03:23","date_gmt":"2025-02-28T08:03:23","guid":{"rendered":"https:\/\/zsswierzowa.pl\/?p=53262"},"modified":"2026-04-07T13:45:05","modified_gmt":"2026-04-07T11:45:05","slug":"tlusty-czwartek-5","status":"publish","type":"post","link":"https:\/\/zsswierzowa.pl\/?p=53262","title":{"rendered":"T\u0142usty Czwartek"},"content":{"rendered":"\n\n\n<div class=\"xdj266r x11i5rnm xat24cr x1mh8g0r x1vvkbs x126k92a\">\n<div dir=\"auto\" style=\"text-align: justify;\">Aby tradycji sta\u0142o si\u0119 zado\u015b\u0107&#8230;<\/div>\n<div dir=\"auto\" style=\"text-align: justify;\">Jak co roku nasze przedszkole odwiedzi\u0142 pan Maciej Faber, kt\u00f3ry przyni\u00f3s\u0142 dla wszystkich dzieci p\u0105czki ufundowane przez Rad\u0119 Rodzic\u00f3w.<\/div>\n<\/div>\n<div class=\"x11i5rnm xat24cr x1mh8g0r x1vvkbs xtlvy1s x126k92a\">\n<div dir=\"auto\" style=\"text-align: justify;\">Serdecznie dzi\u0119kujemy!<\/div>\n<div dir=\"auto\">&nbsp;<\/div>\n<div dir=\"auto\" style=\"text-align: justify;\">Tego dnia wszystkie grupy uczestniczy\u0142y r\u00f3wnie\u017c w zaj\u0119ciach &#8222;Tradycje i zwyczaje w moim regionie&#8221; zorganizowanych w ramach projektu czytelniczego Magiczna Moc Bajek. Pani Ela Dubis opowiedzia\u0142a nam o tradycji pieczenia p\u0105czk\u00f3w, fawork\u00f3w i oponek w t\u0142usty czwartek oraz zwyczajach zapustowych. Na koniec zgodnie z tradycj\u0105 ostatk\u00f3w zata\u0144czyli\u015bmy w rytm dzieci\u0119cych przeboj\u00f3w.<\/div>\n<\/div>\n<div dir=\"auto\">\nngg_shortcode_0_placeholder\n<\/div>\n","protected":false},"excerpt":{"rendered":"<p>Aby tradycji sta\u0142o si\u0119 zado\u015b\u0107&#8230; Jak co roku nasze przedszkole odwiedzi\u0142 pan Maciej Faber, kt\u00f3ry przyni\u00f3s\u0142 dla wszystkich dzieci p\u0105czki ufundowane przez Rad\u0119 Rodzic\u00f3w. Serdecznie dzi\u0119kujemy! &nbsp; Tego dnia wszystkie grupy uczestniczy\u0142y r\u00f3wnie\u017c w zaj\u0119ciach &#8222;Tradycje i zwyczaje w moim regionie&#8221; zorganizowanych w ramach projektu czytelniczego Magiczna Moc Bajek. Pani Ela Dubis opowiedzia\u0142a nam o [&hellip;]<\/p>\n","protected":false},"author":11,"featured_media":0,"comment_status":"open","ping_status":"open","sticky":false,"template":"","format":"standard","meta":{"ngg_post_thumbnail":0,"footnotes":""},"categories":[11],"tags":[],"class_list":["post-53262","post","type-post","status-publish","format-standard","hentry","category-archiwum-przedszkole"],"_links":{"self":[{"href":"https:\/\/zsswierzowa.pl\/index.php?rest_route=\/wp\/v2\/posts\/53262","targetHints":{"allow":["GET"]}}],"collection":[{"href":"https:\/\/zsswierzowa.pl\/index.php?rest_route=\/wp\/v2\/posts"}],"about":[{"href":"https:\/\/zsswierzowa.pl\/index.php?rest_route=\/wp\/v2\/types\/post"}],"author":[{"embeddable":true,"href":"https:\/\/zsswierzowa.pl\/index.php?rest_route=\/wp\/v2\/users\/11"}],"replies":[{"embeddable":true,"href":"https:\/\/zsswierzowa.pl\/index.php?rest_route=%2Fwp%2Fv2%2Fcomments&post=53262"}],"version-history":[{"count":4,"href":"https:\/\/zsswierzowa.pl\/index.php?rest_route=\/wp\/v2\/posts\/53262\/revisions"}],"predecessor-version":[{"id":53306,"href":"https:\/\/zsswierzowa.pl\/index.php?rest_route=\/wp\/v2\/posts\/53262\/revisions\/53306"}],"wp:attachment":[{"href":"https:\/\/zsswierzowa.pl\/index.php?rest_route=%2Fwp%2Fv2%2Fmedia&parent=53262"}],"wp:term":[{"taxonomy":"category","embeddable":true,"href":"https:\/\/zsswierzowa.pl\/index.php?rest_route=%2Fwp%2Fv2%2Fcategories&post=53262"},{"taxonomy":"post_tag","embeddable":true,"href":"https:\/\/zsswierzowa.pl\/index.php?rest_route=%2Fwp%2Fv2%2Ftags&post=53262"}],"curies":[{"name":"wp","href":"https:\/\/api.w.org\/{rel}","templated":true}]}}