{"id":47392,"date":"2023-11-11T22:27:29","date_gmt":"2023-11-11T21:27:29","guid":{"rendered":"http:\/\/zsswierzowa.pl\/?p=47392"},"modified":"2025-03-30T22:02:52","modified_gmt":"2025-03-30T20:02:52","slug":"dzien-odzyskania-niepodleglosci","status":"publish","type":"post","link":"https:\/\/zsswierzowa.pl\/?p=47392","title":{"rendered":"Dzie\u0144 Odzyskania Niepodleg\u0142o\u015bci"},"content":{"rendered":"<p style=\"text-align: justify;\">W pi\u0105tek 10 listopada uroczy\u015bcie obchodzono w naszej szkole 105 rocznic\u0119 odzyskania przez Polsk\u0119 niepodleg\u0142o\u015bci. 11 listopada 1918 roku Rada Regencyjna przekaza\u0142a J\u00f3zefowi Pi\u0142sudskiemu w\u0142adz\u0119 zwierzchni\u0105 nad polskim wojskiem, mianuj\u0105c go naczelnym dow\u00f3dc\u0105. Dzie\u0144 Odzyskania Niepodleg\u0142o\u015bci w II RP sta\u0142 si\u0119 \u015bwi\u0119tem pa\u0144stwowym w 1937 roku na mocy ustawy. Po II wojnie \u015bwiatowej zosta\u0142o ono zniesione przez komunist\u00f3w. Ponownie charakter pa\u0144stwowy dzie\u0144 11 listopada odzyska\u0142 w 1989 roku i sta\u0142 si\u0119 jednym z najwa\u017cniejszych \u015bwi\u0105t narodowych.<br \/>\nJak co roku w naszej szkole oddali\u015bmy ho\u0142d naszym przodkom, kt\u00f3rzy przyczynili si\u0119 do ponownego powrotu Polski na mapy Europy. Uroczysta akademia z tej okazji przygotowana przez m\u0142odzie\u017c pod kierunkiem opiekun\u00f3w pani Ma\u0142gorzaty Jakubowskiej i pani Agaty Samborowskiej-Zajdel sta\u0142a si\u0119 swoist\u0105 okazj\u0105 do wspomnie\u0144 &#8211; powrotu do czas\u00f3w zabor\u00f3w, powsta\u0144, walki z zaborcami, przeciwstawiania si\u0119 germanizacji i rusyfikacji. Ta lekcja historii by\u0142a u\u015bwietniona wyst\u0119pem naszego ch\u00f3ru szkolnego, kt\u00f3ry zaprezentowa\u0142 pie\u015bni patriotyczne i okazjonalne.<br \/>\nJu\u017c po raz sz\u00f3sty organizowana jest akcja &nbsp;MEiN &#8222;Szko\u0142a do hymnu&#8221;. Podobnie&nbsp; jak w latach ubieg\u0142ych, tak i w tym roku, r\u00f3wno o 11.11 ca\u0142a spo\u0142eczno\u015b\u0107 szkolna od\u015bpiewa\u0142a hymn pa\u0144stwowy, okazuj\u0105c w&nbsp;ten spos\u00f3b przywi\u0105zanie do narodowych tradycji. Zach\u0119camy gor\u0105co, aby w dniu 11 listopada wywiesi\u0107 bia\u0142o-czerwone flagi i w miar\u0119 mo\u017cliwo\u015bci uczestniczy\u0107 w lokalnych obchodach Narodowego \u015awi\u0119ta Niepodleg\u0142o\u015bci.<br \/>\nFotorelacja z akademii powsta\u0142a z wykorzystaniem sprz\u0119tu zakupionego w ramach projektu Laboratoria Przysz\u0142o\u015bci.<br \/>\n<a class=\"x1i10hfl xjbqb8w x1ejq31n xd10rxx x1sy0etr x17r0tee x972fbf xcfux6l x1qhh985 xm0m39n x9f619 x1ypdohk xt0psk2 xe8uvvx xdj266r x11i5rnm xat24cr x1mh8g0r xexx8yu x4uap5 x18d9i69 xkhd6sd x16tdsg8 x1hl2dhg xggy1nq x1a2a7pz xt0b8zv x1fey0fg xo1l8bm\" href=\"https:\/\/www.facebook.com\/hashtag\/laboratoriaprzysz%C5%82o%C5%9Bci?__eep__=6&amp;__cft__[0]=AZWGCRTnQFjRG2H7hVdlznz2DiM493sXcAzKEYvLAjWwey0S-jk0FDzi-GBeLNjaiIOvpgyKYFLyGT2BoGNOpmtPd_urwvXxDbkyfPt3Melx5ybAmm0TKIdZhhOyVnjR9PU&amp;__tn__=*NK-R\">#LaboratoriaPrzysz\u0142o\u015bci<\/a> <a class=\"x1i10hfl xjbqb8w x1ejq31n xd10rxx x1sy0etr x17r0tee x972fbf xcfux6l x1qhh985 xm0m39n x9f619 x1ypdohk xt0psk2 xe8uvvx xdj266r x11i5rnm xat24cr x1mh8g0r xexx8yu x4uap5 x18d9i69 xkhd6sd x16tdsg8 x1hl2dhg xggy1nq x1a2a7pz xt0b8zv x1fey0fg xo1l8bm\" href=\"https:\/\/www.facebook.com\/hashtag\/laboratoriaprzyszlosci?__eep__=6&amp;__cft__[0]=AZWGCRTnQFjRG2H7hVdlznz2DiM493sXcAzKEYvLAjWwey0S-jk0FDzi-GBeLNjaiIOvpgyKYFLyGT2BoGNOpmtPd_urwvXxDbkyfPt3Melx5ybAmm0TKIdZhhOyVnjR9PU&amp;__tn__=*NK-R\">#LaboratoriaPrzyszlosci<\/a><\/p>\nngg_shortcode_0_placeholder\n","protected":false},"excerpt":{"rendered":"<p>W pi\u0105tek 10 listopada uroczy\u015bcie obchodzono w naszej szkole 105 rocznic\u0119 odzyskania przez Polsk\u0119 niepodleg\u0142o\u015bci. 11 listopada 1918 roku Rada Regencyjna przekaza\u0142a J\u00f3zefowi Pi\u0142sudskiemu w\u0142adz\u0119 zwierzchni\u0105 nad polskim wojskiem, mianuj\u0105c go naczelnym dow\u00f3dc\u0105. Dzie\u0144 Odzyskania Niepodleg\u0142o\u015bci w II RP sta\u0142 si\u0119 \u015bwi\u0119tem pa\u0144stwowym w 1937 roku na mocy ustawy. Po II wojnie \u015bwiatowej zosta\u0142o ono [&hellip;]<\/p>\n","protected":false},"author":7,"featured_media":0,"comment_status":"open","ping_status":"open","sticky":false,"template":"","format":"standard","meta":{"ngg_post_thumbnail":0,"footnotes":""},"categories":[10,27],"tags":[],"class_list":["post-47392","post","type-post","status-publish","format-standard","hentry","category-archiwum","category-laboratoria-przyszlosci"],"_links":{"self":[{"href":"https:\/\/zsswierzowa.pl\/index.php?rest_route=\/wp\/v2\/posts\/47392","targetHints":{"allow":["GET"]}}],"collection":[{"href":"https:\/\/zsswierzowa.pl\/index.php?rest_route=\/wp\/v2\/posts"}],"about":[{"href":"https:\/\/zsswierzowa.pl\/index.php?rest_route=\/wp\/v2\/types\/post"}],"author":[{"embeddable":true,"href":"https:\/\/zsswierzowa.pl\/index.php?rest_route=\/wp\/v2\/users\/7"}],"replies":[{"embeddable":true,"href":"https:\/\/zsswierzowa.pl\/index.php?rest_route=%2Fwp%2Fv2%2Fcomments&post=47392"}],"version-history":[{"count":3,"href":"https:\/\/zsswierzowa.pl\/index.php?rest_route=\/wp\/v2\/posts\/47392\/revisions"}],"predecessor-version":[{"id":53769,"href":"https:\/\/zsswierzowa.pl\/index.php?rest_route=\/wp\/v2\/posts\/47392\/revisions\/53769"}],"wp:attachment":[{"href":"https:\/\/zsswierzowa.pl\/index.php?rest_route=%2Fwp%2Fv2%2Fmedia&parent=47392"}],"wp:term":[{"taxonomy":"category","embeddable":true,"href":"https:\/\/zsswierzowa.pl\/index.php?rest_route=%2Fwp%2Fv2%2Fcategories&post=47392"},{"taxonomy":"post_tag","embeddable":true,"href":"https:\/\/zsswierzowa.pl\/index.php?rest_route=%2Fwp%2Fv2%2Ftags&post=47392"}],"curies":[{"name":"wp","href":"https:\/\/api.w.org\/{rel}","templated":true}]}}