{"id":46334,"date":"2023-06-16T12:07:38","date_gmt":"2023-06-16T10:07:38","guid":{"rendered":"http:\/\/zsswierzowa.pl\/?p=46334"},"modified":"2023-08-24T11:36:51","modified_gmt":"2023-08-24T09:36:51","slug":"plener-fotograficzny-u-ignacego","status":"publish","type":"post","link":"https:\/\/zsswierzowa.pl\/?p=46334","title":{"rendered":"Plener fotograficzny &#8222;U Ignacego&#8221;"},"content":{"rendered":"<div class=\"x11i5rnm xat24cr x1mh8g0r x1vvkbs xtlvy1s x126k92a\">\n<div dir=\"auto\" style=\"text-align: justify;\">Dnia 15 czerwca grupka uczni\u00f3w Szk\u00f3\u0142 Podstawowych im. Ignacego \u0141ukasiewicza w \u015awierzowej Polskiej oraz Chork\u00f3wce dzi\u0119ki uprzejmo\u015bci Dyrektor Muzeum w B\u00f3brce, pani Barbary Olejarz wzi\u0119\u0142a udzia\u0142 w plenerze fotograficznym pt. \u201eU Ignacego\u201d.<\/div>\n<div dir=\"auto\" style=\"text-align: justify;\">Uczniowie rozpoznali si\u0119 z podstawami budowy i obs\u0142ugi aparat\u00f3w fotograficznych, r\u00f3\u017cnymi funkcjami aparatu fotograficznego w celu fotografowania architektury, krajobrazu, ludzi w fotografii oraz fotografii makro, jak r\u00f3wnie\u017c z zasadami tr\u00f3jpodzia\u0142u kadru i w\u0142a\u015bciwego kadrowania. Podczas pleneru uczniowie korzystali ze sprz\u0119tu fotograficznego zakupionego w ramach projektu Laboratoria przysz\u0142o\u015bci.<\/div>\n<div dir=\"auto\" style=\"text-align: justify;\">Po dawce wiedzy teoretycznej uczniowie w\u0119drowali \u015bcie\u017ckami muzeum wypatruj\u0105c fajnych uj\u0119\u0107, wiele z nich by\u0142o ciekawie przemy\u015blanych i przygotowanych. Tak zape\u0142nia\u0142y si\u0119 uj\u0119ciami karty aparat\u00f3w, kt\u00f3re pos\u0142u\u017c\u0105 do przygotowania wystawy w przysz\u0142o\u015bci&#8230;kilka z nich prezentujemy w galerii. Zapraszamy do obejrzenia kr\u00f3tkiej fotorelacji.<\/div>\n<div dir=\"auto\" style=\"text-align: justify;\"><a class=\"x1i10hfl xjbqb8w x6umtig x1b1mbwd xaqea5y xav7gou x9f619 x1ypdohk xt0psk2 xe8uvvx xdj266r x11i5rnm xat24cr x1mh8g0r xexx8yu x4uap5 x18d9i69 xkhd6sd x16tdsg8 x1hl2dhg xggy1nq x1a2a7pz xt0b8zv x1qq9wsj xo1l8bm\" tabindex=\"0\" href=\"https:\/\/www.facebook.com\/hashtag\/laboratoriaprzysz%C5%82o%C5%9Bci?__eep__=6&amp;__cft__[0]=AZU2Ej3cdBx59rSsfENSoy6CPDuAM9PdKCC9KOzXcsw3eqX6IDhVuu52Tleu1yAGa2rcYBJZXYK_ajpeZJTva4bFi0QzRODxEgpZlKsjbjisXSKFi6-HMAa7B7QpI52XqLo&amp;__tn__=*NK-R\">#LaboratoriaPrzysz\u0142o\u015bci<\/a> <a class=\"x1i10hfl xjbqb8w x6umtig x1b1mbwd xaqea5y xav7gou x9f619 x1ypdohk xt0psk2 xe8uvvx xdj266r x11i5rnm xat24cr x1mh8g0r xexx8yu x4uap5 x18d9i69 xkhd6sd x16tdsg8 x1hl2dhg xggy1nq x1a2a7pz xt0b8zv x1qq9wsj xo1l8bm\" tabindex=\"0\" href=\"https:\/\/www.facebook.com\/hashtag\/laboratoriaprzyszlosci?__eep__=6&amp;__cft__[0]=AZU2Ej3cdBx59rSsfENSoy6CPDuAM9PdKCC9KOzXcsw3eqX6IDhVuu52Tleu1yAGa2rcYBJZXYK_ajpeZJTva4bFi0QzRODxEgpZlKsjbjisXSKFi6-HMAa7B7QpI52XqLo&amp;__tn__=*NK-R\">#LaboratoriaPrzyszlosci<\/a><\/div>\n<\/div>\nngg_shortcode_0_placeholder\n","protected":false},"excerpt":{"rendered":"<p>Dnia 15 czerwca grupka uczni\u00f3w Szk\u00f3\u0142 Podstawowych im. Ignacego \u0141ukasiewicza w \u015awierzowej Polskiej oraz Chork\u00f3wce dzi\u0119ki uprzejmo\u015bci Dyrektor Muzeum w B\u00f3brce, pani Barbary Olejarz wzi\u0119\u0142a udzia\u0142 w plenerze fotograficznym pt. \u201eU Ignacego\u201d. Uczniowie rozpoznali si\u0119 z podstawami budowy i obs\u0142ugi aparat\u00f3w fotograficznych, r\u00f3\u017cnymi funkcjami aparatu fotograficznego w celu fotografowania architektury, krajobrazu, ludzi w fotografii oraz [&hellip;]<\/p>\n","protected":false},"author":7,"featured_media":0,"comment_status":"open","ping_status":"open","sticky":false,"template":"","format":"standard","meta":{"ngg_post_thumbnail":0,"footnotes":""},"categories":[10,27],"tags":[],"class_list":["post-46334","post","type-post","status-publish","format-standard","hentry","category-archiwum","category-laboratoria-przyszlosci"],"_links":{"self":[{"href":"https:\/\/zsswierzowa.pl\/index.php?rest_route=\/wp\/v2\/posts\/46334","targetHints":{"allow":["GET"]}}],"collection":[{"href":"https:\/\/zsswierzowa.pl\/index.php?rest_route=\/wp\/v2\/posts"}],"about":[{"href":"https:\/\/zsswierzowa.pl\/index.php?rest_route=\/wp\/v2\/types\/post"}],"author":[{"embeddable":true,"href":"https:\/\/zsswierzowa.pl\/index.php?rest_route=\/wp\/v2\/users\/7"}],"replies":[{"embeddable":true,"href":"https:\/\/zsswierzowa.pl\/index.php?rest_route=%2Fwp%2Fv2%2Fcomments&post=46334"}],"version-history":[{"count":1,"href":"https:\/\/zsswierzowa.pl\/index.php?rest_route=\/wp\/v2\/posts\/46334\/revisions"}],"predecessor-version":[{"id":46348,"href":"https:\/\/zsswierzowa.pl\/index.php?rest_route=\/wp\/v2\/posts\/46334\/revisions\/46348"}],"wp:attachment":[{"href":"https:\/\/zsswierzowa.pl\/index.php?rest_route=%2Fwp%2Fv2%2Fmedia&parent=46334"}],"wp:term":[{"taxonomy":"category","embeddable":true,"href":"https:\/\/zsswierzowa.pl\/index.php?rest_route=%2Fwp%2Fv2%2Fcategories&post=46334"},{"taxonomy":"post_tag","embeddable":true,"href":"https:\/\/zsswierzowa.pl\/index.php?rest_route=%2Fwp%2Fv2%2Ftags&post=46334"}],"curies":[{"name":"wp","href":"https:\/\/api.w.org\/{rel}","templated":true}]}}