{"id":41572,"date":"2022-08-31T16:51:55","date_gmt":"2022-08-31T14:51:55","guid":{"rendered":"http:\/\/zsswierzowa.pl\/?p=41572"},"modified":"2022-09-22T17:38:26","modified_gmt":"2022-09-22T15:38:26","slug":"laboratoria-przyszlosci","status":"publish","type":"post","link":"https:\/\/zsswierzowa.pl\/?p=41572","title":{"rendered":"Laboratoria Przysz\u0142o\u015bci"},"content":{"rendered":"<p class=\"intro\" style=\"text-align: justify;\"><img loading=\"lazy\" decoding=\"async\" class=\"wp-image-41587 size-medium alignleft\" src=\"https:\/\/zsswierzowa.pl\/wp-content\/uploads\/2022\/08\/logo-Laboratoria_Przysz\u0142o\u015bci_pion_kolor-280x300.png\" alt=\"logo-Laboratoria_Przysz\u0142o\u015bci_pion_kolor\" width=\"280\" height=\"300\" srcset=\"https:\/\/zsswierzowa.pl\/wp-content\/uploads\/2022\/08\/logo-Laboratoria_Przysz\u0142o\u015bci_pion_kolor-280x300.png 280w, https:\/\/zsswierzowa.pl\/wp-content\/uploads\/2022\/08\/logo-Laboratoria_Przysz\u0142o\u015bci_pion_kolor-768x822.png 768w, https:\/\/zsswierzowa.pl\/wp-content\/uploads\/2022\/08\/logo-Laboratoria_Przysz\u0142o\u015bci_pion_kolor-956x1024.png 956w, https:\/\/zsswierzowa.pl\/wp-content\/uploads\/2022\/08\/logo-Laboratoria_Przysz\u0142o\u015bci_pion_kolor.png 1623w\" sizes=\"auto, (max-width: 280px) 100vw, 280px\" \/>Laboratoria Przysz\u0142o\u015bci to Program skierowany do szk\u00f3\u0142 podstawowych oraz og\u00f3lnokszta\u0142c\u0105cych szk\u00f3\u0142 artystycznych. Jego celem jest budowanie kompetencji kreatywnych i technicznych w\u015br\u00f3d uczni\u00f3w. W ramach Programu szko\u0142y otrzyma\u0142y od pa\u0144stwa wsparcie finansowe na zakup wyposa\u017cenia technicznego niezb\u0119dnego do rozwoju umiej\u0119tno\u015bci praktycznych w\u015br\u00f3d dzieci i m\u0142odzie\u017cy.<\/p>\n<p style=\"text-align: justify;\">Kreatywne my\u015blenie oraz obs\u0142uga narz\u0119dzi to jedne z podstawowych umiej\u0119tno\u015bci decyduj\u0105cych o rozwoju cywilizacyjnym, gospodarczym i\u202fspo\u0142ecznym.&nbsp;Wzrost innowacyjno\u015bci oraz rozw\u00f3j technologiczny spowodowa\u0142, \u017ce umiej\u0119tno\u015bci matematyczne, w zakresie nauk przyrodniczych, technologii i in\u017cynierii s\u0105 dzi\u015b wa\u017cniejsze ni\u017c\u202fkiedykolwiek wcze\u015bniej. Laboratoria Przysz\u0142o\u015bci to kolejny krok w stron\u0119 wzmocnienia i uatrakcyjnienia dotychczasowego procesu zdobywania wiedzy i praktycznych umiej\u0119tno\u015bci w tych&nbsp;obszarach&nbsp;przez uczni\u00f3w.&nbsp;<\/p>\n<p style=\"text-align: justify;\">W ramach Laboratori\u00f3w&nbsp;Przysz\u0142o\u015bci nasza szko\u0142a otrzyma\u0142a wsparcie finansowe na zakup&nbsp;wyposa\u017cenia&nbsp;technicznego&nbsp;potrzebnego&nbsp;w\u202fkszta\u0142towaniu i\u202frozwijaniu umiej\u0119tno\u015bci manualnych i technicznych, umiej\u0119tno\u015bci samodzielnego i krytycznego my\u015blenia, zdolno\u015bci my\u015blenia matematycznego oraz umiej\u0119tno\u015bci w zakresie nauk przyrodniczych, technologii i in\u017cynierii, stosowania technologii informacyjno-komunikacyjnych, jak r\u00f3wnie\u017c pracy zespo\u0142owej, dobrej organizacji oraz radzenia sobie w \u017cyciu codziennym.<\/p>\n<p style=\"text-align: justify;\">Laboratoria Przysz\u0142o\u015bci to nowoczesny sprz\u0119t, kt\u00f3ry&nbsp;uatrakcyjni&nbsp;zaj\u0119cia szkolne i pozwoli uczniom rozwija\u0107 swoje zainteresowania nie tylko na&nbsp; lekcjach techniki, informatyki, fizyki czy przyrody ale r\u00f3wnie\u017c na ko\u0142ach zainteresowa\u0144 i na wszystkich zaj\u0119ciach wykorzystuj\u0105cych tre\u015bci programowe z zakresu doradztwa zawodowego.<\/p>\n<p><span style=\"text-decoration: underline;\">W ramach programu nasza szko\u0142a zakupi\u0142a nast\u0119puj\u0105cy sprz\u0119t:<\/span><\/p>\n<p>&#8211; drukarka 3D w z akcesoriami i laptopem,<br \/>\n&#8211; mikrokontroler z czujnikami i akcesoriami,<br \/>\n&#8211; stacja lutownicza Hot AIR,<br \/>\n&#8211; cyfrowy aparat fotograficzny z funkcj\u0105 kamery,<br \/>\n&#8211; statyw do aparatu i kamery,<br \/>\n&#8211; mikrofon kierunkowy,<br \/>\n&#8211; mikroport,<br \/>\n&#8211; gimbal do aparatu fotograficznego i kamery,<br \/>\n&#8211; zestaw o\u015bwietleniowy ze statywem,<br \/>\n&#8211; roboty edukacyjne,<br \/>\n&#8211; wizualizer,<br \/>\n&#8211; pomoce projektowe &#8211; zestawy elektroniczne,<br \/>\n&#8211; pomoce projektowe &#8211; burza m\u00f3zg\u00f3w,<br \/>\n&#8211; pomoce projektowe &#8211; maszyna elektrostatyczna,<br \/>\n&#8211; szafa metalowa z zestawami narz\u0119dzi dla uczni\u00f3w.<\/p>\n<p style=\"text-align: justify;\">Na szkolnego koordynatora projektu Laboratoria Przysz\u0142o\u015bci zosta\u0142 powo\u0142any Pan Piotr W\u0119grzyn \u2013 nauczyciel informatyki i techniki, kt\u00f3rego zadaniem b\u0119dzie popularyzacja zakupionego w ramach projektu sprz\u0119tu oraz wspieranie nauczycieli prowadz\u0105cych zaj\u0119cia z jego wykorzystaniem.<\/p>\n","protected":false},"excerpt":{"rendered":"<p>Laboratoria Przysz\u0142o\u015bci to Program skierowany do szk\u00f3\u0142 podstawowych oraz og\u00f3lnokszta\u0142c\u0105cych szk\u00f3\u0142 artystycznych. Jego celem jest budowanie kompetencji kreatywnych i technicznych w\u015br\u00f3d uczni\u00f3w. W ramach Programu szko\u0142y otrzyma\u0142y od pa\u0144stwa wsparcie finansowe na zakup wyposa\u017cenia technicznego niezb\u0119dnego do rozwoju umiej\u0119tno\u015bci praktycznych w\u015br\u00f3d dzieci i m\u0142odzie\u017cy. Kreatywne my\u015blenie oraz obs\u0142uga narz\u0119dzi to jedne z podstawowych umiej\u0119tno\u015bci decyduj\u0105cych [&hellip;]<\/p>\n","protected":false},"author":7,"featured_media":0,"comment_status":"open","ping_status":"open","sticky":false,"template":"","format":"standard","meta":{"ngg_post_thumbnail":0,"footnotes":""},"categories":[27],"tags":[],"class_list":["post-41572","post","type-post","status-publish","format-standard","hentry","category-laboratoria-przyszlosci"],"_links":{"self":[{"href":"https:\/\/zsswierzowa.pl\/index.php?rest_route=\/wp\/v2\/posts\/41572","targetHints":{"allow":["GET"]}}],"collection":[{"href":"https:\/\/zsswierzowa.pl\/index.php?rest_route=\/wp\/v2\/posts"}],"about":[{"href":"https:\/\/zsswierzowa.pl\/index.php?rest_route=\/wp\/v2\/types\/post"}],"author":[{"embeddable":true,"href":"https:\/\/zsswierzowa.pl\/index.php?rest_route=\/wp\/v2\/users\/7"}],"replies":[{"embeddable":true,"href":"https:\/\/zsswierzowa.pl\/index.php?rest_route=%2Fwp%2Fv2%2Fcomments&post=41572"}],"version-history":[{"count":6,"href":"https:\/\/zsswierzowa.pl\/index.php?rest_route=\/wp\/v2\/posts\/41572\/revisions"}],"predecessor-version":[{"id":41588,"href":"https:\/\/zsswierzowa.pl\/index.php?rest_route=\/wp\/v2\/posts\/41572\/revisions\/41588"}],"wp:attachment":[{"href":"https:\/\/zsswierzowa.pl\/index.php?rest_route=%2Fwp%2Fv2%2Fmedia&parent=41572"}],"wp:term":[{"taxonomy":"category","embeddable":true,"href":"https:\/\/zsswierzowa.pl\/index.php?rest_route=%2Fwp%2Fv2%2Fcategories&post=41572"},{"taxonomy":"post_tag","embeddable":true,"href":"https:\/\/zsswierzowa.pl\/index.php?rest_route=%2Fwp%2Fv2%2Ftags&post=41572"}],"curies":[{"name":"wp","href":"https:\/\/api.w.org\/{rel}","templated":true}]}}